{"id":546,"date":"2021-12-21T10:38:35","date_gmt":"2021-12-21T09:38:35","guid":{"rendered":"https:\/\/identitatsimiralls.desdelamina.net\/blog\/?p=546"},"modified":"2021-12-28T12:39:52","modified_gmt":"2021-12-28T11:39:52","slug":"la-lectura-el-cami-cap-a-laprenentatge","status":"publish","type":"post","link":"https:\/\/identitatsimiralls.desdelamina.net\/blog\/2021\/12\/21\/la-lectura-el-cami-cap-a-laprenentatge\/","title":{"rendered":"La lectura, el cam\u00ed cap a l&#8217;aprenentatge"},"content":{"rendered":"\n<p>Despr\u00e9s d&#8217;algunes incid\u00e8ncies i canvis pel que fa a l&#8217;assignaci\u00f3 del col\u00b7lectiu, finalment, v\u00e0rem arribar a la tercera i \u00faltima sessi\u00f3 de l&#8217;ApS. Aquesta setmana ens va tocar compartir impressions amb les treballadores de la biblioteca Font de la Mina, de les quals una d&#8217;elles, comptava amb m\u00e9s de dotze anys d&#8217;experi\u00e8ncia al barri.<\/p>\n\n\n\n<p>En un primer moment, no sab\u00edem com enfocar la sessi\u00f3, per tal de treure tot el profit possible, ja que es tractava d&#8217;un repte t\u00e8cnic i diferent de les dues anteriors. Partint de la base que la nostra not\u00edcia tractava sobre l&#8217;educaci\u00f3 al barri, organitz\u00e0vem una din\u00e0mica que ens permetis enlla\u00e7ar-la amb la seva posterior an\u00e0lisi; a trav\u00e9s d&#8217;un joc similar a les cartes Dixit. Les treballadores es varen trobar, davant seu, una llista de conceptes, de la qual havien de seleccionar aquells que reflectissin la seva visi\u00f3 respecte a la realitat educativa de l&#8217;entorn.<\/p>\n\n\n\n<figure class=\"wp-block-image size-large\"><img loading=\"lazy\" decoding=\"async\" width=\"700\" height=\"394\" src=\"https:\/\/identitatsimiralls.desdelamina.net\/blog\/wp-content\/uploads\/2021\/12\/1640249613012-700x394.jpg\" alt=\"\" class=\"wp-image-552\" srcset=\"https:\/\/identitatsimiralls.desdelamina.net\/blog\/wp-content\/uploads\/2021\/12\/1640249613012-700x394.jpg 700w, https:\/\/identitatsimiralls.desdelamina.net\/blog\/wp-content\/uploads\/2021\/12\/1640249613012-300x169.jpg 300w, https:\/\/identitatsimiralls.desdelamina.net\/blog\/wp-content\/uploads\/2021\/12\/1640249613012-768x432.jpg 768w, https:\/\/identitatsimiralls.desdelamina.net\/blog\/wp-content\/uploads\/2021\/12\/1640249613012-1536x864.jpg 1536w, https:\/\/identitatsimiralls.desdelamina.net\/blog\/wp-content\/uploads\/2021\/12\/1640249613012-2048x1152.jpg 2048w, https:\/\/identitatsimiralls.desdelamina.net\/blog\/wp-content\/uploads\/2021\/12\/1640249613012-scaled.jpg 1024w\" sizes=\"(max-width: 700px) 100vw, 700px\" \/><\/figure>\n\n\n\n<p>Posteriorment, els hi vam proporcionar la not\u00edcia &#8220;El ni\u00f1o gitano que lleg\u00f3 a la universidad pese a los prejuicios de su profesora&#8221;, on es van tractar els seg\u00fcents temes:<\/p>\n\n\n\n<ul><li>La import\u00e0ncia de la lectura per a combatre l&#8217;analfabetisme i per a la formaci\u00f3 d&#8217;una persona.<\/li><li>L&#8217;atenci\u00f3 individualitzada que proporciona la biblioteca als seus usuaris.<\/li><li>La figura del promotor social com a referent positiu dintre de l&#8217;educaci\u00f3.<\/li><li>El sentiment de pertinen\u00e7a de la cultura roman\u00ed i el paper que juga la fam\u00edlia respecte a l&#8217;educaci\u00f3 dels seus fills.<\/li><li>Les construccions de g\u00e8nere a la seva cultura.<\/li><li>La necessitat del treball en xarxa entre la gent del barri i les persones externes a aquest per fer front a l&#8217;absentisme i la no finalitzaci\u00f3 dels estudis secundaris i universitaris.<\/li><li>El valor de la lectura i la motivaci\u00f3 per a l&#8217;aprenentatge.<\/li><\/ul>\n\n\n\n<figure class=\"wp-block-image size-large\"><img loading=\"lazy\" decoding=\"async\" width=\"700\" height=\"394\" src=\"https:\/\/identitatsimiralls.desdelamina.net\/blog\/wp-content\/uploads\/2021\/12\/1640249613327-700x394.jpg\" alt=\"\" class=\"wp-image-553\" srcset=\"https:\/\/identitatsimiralls.desdelamina.net\/blog\/wp-content\/uploads\/2021\/12\/1640249613327-700x394.jpg 700w, https:\/\/identitatsimiralls.desdelamina.net\/blog\/wp-content\/uploads\/2021\/12\/1640249613327-300x169.jpg 300w, https:\/\/identitatsimiralls.desdelamina.net\/blog\/wp-content\/uploads\/2021\/12\/1640249613327-768x432.jpg 768w, https:\/\/identitatsimiralls.desdelamina.net\/blog\/wp-content\/uploads\/2021\/12\/1640249613327-1536x864.jpg 1536w, https:\/\/identitatsimiralls.desdelamina.net\/blog\/wp-content\/uploads\/2021\/12\/1640249613327-2048x1152.jpg 2048w, https:\/\/identitatsimiralls.desdelamina.net\/blog\/wp-content\/uploads\/2021\/12\/1640249613327-scaled.jpg 1024w\" sizes=\"(max-width: 700px) 100vw, 700px\" \/><\/figure>\n\n\n\n<p>Com a conclusi\u00f3, cal destacar que l&#8217;actitud de les treballadores va crear un espai de comunicaci\u00f3 basat en la flu\u00efdesa i l&#8217;empatia. Aix\u00f2 ens va permetre desenvolupar la sessi\u00f3 amb desimboltura i gaudir d&#8217;ella.<\/p>\n\n\n\n<p>Carla Franc\u00e9s i Jordi Simelio <\/p>\n","protected":false},"excerpt":{"rendered":"<p>Despr\u00e9s d&#8217;algunes incid\u00e8ncies i canvis pel que fa a l&#8217;assignaci\u00f3 del col\u00b7lectiu, finalment, v\u00e0rem arribar a la tercera i \u00faltima sessi\u00f3 de l&#8217;ApS. Aquesta setmana ens va tocar compartir impressions amb les treballadores de la&#8230;<\/p>\n","protected":false},"author":1,"featured_media":0,"comment_status":"open","ping_status":"open","sticky":false,"template":"","format":"standard","meta":{"footnotes":""},"categories":[1],"tags":[],"_links":{"self":[{"href":"https:\/\/identitatsimiralls.desdelamina.net\/blog\/wp-json\/wp\/v2\/posts\/546"}],"collection":[{"href":"https:\/\/identitatsimiralls.desdelamina.net\/blog\/wp-json\/wp\/v2\/posts"}],"about":[{"href":"https:\/\/identitatsimiralls.desdelamina.net\/blog\/wp-json\/wp\/v2\/types\/post"}],"author":[{"embeddable":true,"href":"https:\/\/identitatsimiralls.desdelamina.net\/blog\/wp-json\/wp\/v2\/users\/1"}],"replies":[{"embeddable":true,"href":"https:\/\/identitatsimiralls.desdelamina.net\/blog\/wp-json\/wp\/v2\/comments?post=546"}],"version-history":[{"count":2,"href":"https:\/\/identitatsimiralls.desdelamina.net\/blog\/wp-json\/wp\/v2\/posts\/546\/revisions"}],"predecessor-version":[{"id":554,"href":"https:\/\/identitatsimiralls.desdelamina.net\/blog\/wp-json\/wp\/v2\/posts\/546\/revisions\/554"}],"wp:attachment":[{"href":"https:\/\/identitatsimiralls.desdelamina.net\/blog\/wp-json\/wp\/v2\/media?parent=546"}],"wp:term":[{"taxonomy":"category","embeddable":true,"href":"https:\/\/identitatsimiralls.desdelamina.net\/blog\/wp-json\/wp\/v2\/categories?post=546"},{"taxonomy":"post_tag","embeddable":true,"href":"https:\/\/identitatsimiralls.desdelamina.net\/blog\/wp-json\/wp\/v2\/tags?post=546"}],"curies":[{"name":"wp","href":"https:\/\/api.w.org\/{rel}","templated":true}]}}