{"id":544,"date":"2021-12-17T13:50:11","date_gmt":"2021-12-17T12:50:11","guid":{"rendered":"https:\/\/identitatsimiralls.desdelamina.net\/blog\/?p=544"},"modified":"2021-12-17T13:50:11","modified_gmt":"2021-12-17T12:50:11","slug":"ultima-sessio-de-servei-uec","status":"publish","type":"post","link":"https:\/\/identitatsimiralls.desdelamina.net\/blog\/2021\/12\/17\/ultima-sessio-de-servei-uec\/","title":{"rendered":"\u00daltima sessi\u00f3 de servei: UEC"},"content":{"rendered":"\n<p>El dimecres dia 01 de desembre de 2021 vam realitzar una sessi\u00f3 amb la UEC (Unitat d&#8217;Escolaritzaci\u00f3 Compartida) formada per joves d&#8217;entre 14 i 16 anys. Van assistir 8 joves de diferents edats i vam estar acompanyades per dos professors i una noia de la nostra universitat en pr\u00e0ctiques. Va ser molt gratificant per nosaltres, ja que ens van avisar que potser no es presentaven massa joves o es podien mostrar desinteressats i anar-se&#8217;n a meitat de la sessi\u00f3.<\/p>\n\n\n\n<p>En el moment que van arribar i van seure tots, ens vam presentar les tres, els vam dir com ens d\u00e8iem, d&#8217;on ven\u00edem i que est\u00e0vem estudiant i, seguidament, vam realitzar un breu resum de qu\u00e8 far\u00edem.<\/p>\n\n\n\n<p>Hav\u00edem de treballar amb ells una not\u00edcia que tractava sobre el &#8220;Nou incompliment per a les 180 fam\u00edlies del macrobloc Venus&#8221;, que estava en format de v\u00eddeo (la qual cosa ens va permetre que els nois seguisin m\u00e9s el fil de la din\u00e0mica).<\/p>\n\n\n\n<p>En primer lloc, van visualitzar el v\u00eddeo (5min aproximadament). A m\u00e9s, vam aconseguir tenir-los a tots molt atents i interessants perqu\u00e8 era una narraci\u00f3 d&#8217;una dona ve\u00efna del bloc venus que tots coneixien i com era un tema que els tocava a ells i sabien del que tractava sabien participar en relaci\u00f3 a la informaci\u00f3 donada. Fins i tot, un dels joves vivia a la mateixa porteria del bloc venus de la que es parlava, la 9-10.<\/p>\n\n\n\n<p>En segon lloc, un cop vist el v\u00eddeo, van procedir a fer un dibuix de qu\u00e8 havien sentit al veure aquest v\u00eddeo, que interpretaven com a ve\u00efns que s\u00f3n i que se sentien al veure com parlaven del seu barri. En aquest moment va sorgir diferents queixes perqu\u00e8 no els venia de gust fer l\u2019activitat, no sabien com fer-ho,\u2026<\/p>\n\n\n\n<p>Lo positiu \u00e9s que poc a poc van anar animant-se, uns m\u00e9s que altres, es van anar interessant i van acabar dibuixant i apuntant coses molt interessant, que m\u00e9s tard quan tots van acabar i vam anar donant el torn un a un perqu\u00e8 expliquessin el que havien posat i com se sentien, es va formar un debat molt interessant.<\/p>\n\n\n\n<p>En resum, aquesta sessi\u00f3 va ser un repte per a totes nosaltres, a la que vam anar amb incertesa, ja que no sab\u00edem com reaccionarien a l&#8217;activitat proposada, per\u00f2 finalment el resultat va ser positiu i fins i tot es van sorprendre els professors de la col.laboraci\u00f3 que va haver durant la din\u00e0mica.<\/p>\n\n\n\n<p>Gr\u00e0cies a ells tamb\u00e9 vam poder ampliar i reconduir debats i a tractar millor amb els joves. Va ser una experi\u00e8ncia diferent de les altres i una sessi\u00f3 molt canyera! Estem molt agraides per aquesta oportunitat i per totes les participacions tant dels alumnes com dels mestres.<\/p>\n\n\n\n<p>Carla Rubio, Andrea Galan i Andrea Gimeno<\/p>\n","protected":false},"excerpt":{"rendered":"<p>El dimecres dia 01 de desembre de 2021 vam realitzar una sessi\u00f3 amb la UEC (Unitat d&#8217;Escolaritzaci\u00f3 Compartida) formada per joves d&#8217;entre 14 i 16 anys. Van assistir 8 joves de diferents edats i vam&#8230;<\/p>\n","protected":false},"author":1,"featured_media":0,"comment_status":"open","ping_status":"open","sticky":false,"template":"","format":"standard","meta":{"footnotes":""},"categories":[1],"tags":[],"_links":{"self":[{"href":"https:\/\/identitatsimiralls.desdelamina.net\/blog\/wp-json\/wp\/v2\/posts\/544"}],"collection":[{"href":"https:\/\/identitatsimiralls.desdelamina.net\/blog\/wp-json\/wp\/v2\/posts"}],"about":[{"href":"https:\/\/identitatsimiralls.desdelamina.net\/blog\/wp-json\/wp\/v2\/types\/post"}],"author":[{"embeddable":true,"href":"https:\/\/identitatsimiralls.desdelamina.net\/blog\/wp-json\/wp\/v2\/users\/1"}],"replies":[{"embeddable":true,"href":"https:\/\/identitatsimiralls.desdelamina.net\/blog\/wp-json\/wp\/v2\/comments?post=544"}],"version-history":[{"count":1,"href":"https:\/\/identitatsimiralls.desdelamina.net\/blog\/wp-json\/wp\/v2\/posts\/544\/revisions"}],"predecessor-version":[{"id":545,"href":"https:\/\/identitatsimiralls.desdelamina.net\/blog\/wp-json\/wp\/v2\/posts\/544\/revisions\/545"}],"wp:attachment":[{"href":"https:\/\/identitatsimiralls.desdelamina.net\/blog\/wp-json\/wp\/v2\/media?parent=544"}],"wp:term":[{"taxonomy":"category","embeddable":true,"href":"https:\/\/identitatsimiralls.desdelamina.net\/blog\/wp-json\/wp\/v2\/categories?post=544"},{"taxonomy":"post_tag","embeddable":true,"href":"https:\/\/identitatsimiralls.desdelamina.net\/blog\/wp-json\/wp\/v2\/tags?post=544"}],"curies":[{"name":"wp","href":"https:\/\/api.w.org\/{rel}","templated":true}]}}