{"id":534,"date":"2021-12-14T09:46:27","date_gmt":"2021-12-14T08:46:27","guid":{"rendered":"https:\/\/identitatsimiralls.desdelamina.net\/blog\/?p=534"},"modified":"2021-12-14T09:48:54","modified_gmt":"2021-12-14T08:48:54","slug":"trobada-amb-el-fem-familia","status":"publish","type":"post","link":"https:\/\/identitatsimiralls.desdelamina.net\/blog\/2021\/12\/14\/trobada-amb-el-fem-familia\/","title":{"rendered":"Trobada amb el Fem Familia"},"content":{"rendered":"\n<p>Comen\u00e7a el tercer dimecres de la nostra Aps a la mina i aquesta setmana ens va tocar con\u00e8ixer el projecte Fem Fam\u00edlia del casal dels infants. Havent preparat l\u2019activitat i tenint clar quins objectius ten\u00edem i amb m\u00e9s confian\u00e7a adquirida d\u2019altres sessions vam arribar al casal dels infants amb ganes d\u2019engegar la nostra sessi\u00f3. Amablement ens van atendre els educadors i les dues protagonistes d\u2019avui. <\/p>\n\n\n\n<p>L\u2019experi\u00e8ncia de les sessions anteriors tamb\u00e9 ens fa valorar el paper de la coneixen\u00e7a m\u00fatua en aquestes activitats, on les usu\u00e0ries amb qui t\u2019han d\u2019explicar la seva hist\u00f2ria no coneixen la teva. Aix\u00ed doncs entre cartes de Dixit i papers amb paraules clau ens vam posar a parlar de nosaltres, les nostres motivacions i un trosset de la nostra vida. Un cop trencat el gel vam estar comentant la not\u00edcia que ens havia tocat sobre la crisi social en la pand\u00e8mia i com agreujava la pobresa infantil.<\/p>\n\n\n\n<p>Vam parlar dels mitjans de comunicaci\u00f3 i les nostres opinions al respecte, i vam arribar a la conclusi\u00f3 de que perqu\u00e8 m\u00e9s d\u2019una vegada no es representi be una realitat costa creure\u2019s moltes de les realitats i decisions preses avui en dia. Tamb\u00e9 vam parlar de la postura de cada fam\u00edlia en respecte a la noticia i si es sentien identificades en la narrativa de la noticia. Al llarg de la conversa cadascuna explicava ala seva situaci\u00f3 en el confinament, com ho va portar la seva fam\u00edlia i com es van sentir. Cosa que comparant amb altres visions que hem tingut el plaer de con\u00e8ixer al llarg aquest voluntariat ens va ser molt interessant comparar. Per exemple, ten\u00edem al davant una mare la qual tenia dificultats amb que el seu fill es poses amb els estudis en un per\u00edode en el qual no hi havien classes i no sabia que fer, i per l\u2019altra banda record\u00e0vem les paraules dels professors de l\u2019institut explicant-nos com es van organitzar al llarg del confinament.<\/p>\n\n\n\n<p>El confinament i la pand\u00e8mia ha suposat un enorme canvi en la vida de quasi la majoria de la poblaci\u00f3 mundial i sense excepci\u00f3 de tots els col\u00b7lectius entrevistats. Parlar d\u2019un tema del qual totes compartim com es la incertesa de la pand\u00e8mia del Covid-19 es una cosa que ens ha apropat m\u00e9s com a persones a l\u2019hora de con\u00e8ixer gent nova.<\/p>\n\n\n\n<p>Finalment vam tancar l\u2019activitat i vam valorar l\u2019activitat. Vam rebre una bona valoraci\u00f3 i va ser un plaer con\u00e8ixer a tothom del casal. Tamb\u00e9 van tenir el detall d\u2019ensenyar-nos tot el casal al final de la xerrada. Va ser una jornada molt beneficiosa i enriquidora.<\/p>\n\n\n\n<p>Laia F i Georgina V<\/p>\n","protected":false},"excerpt":{"rendered":"<p>Comen\u00e7a el tercer dimecres de la nostra Aps a la mina i aquesta setmana ens va tocar con\u00e8ixer el projecte Fem Fam\u00edlia del casal dels infants. Havent preparat l\u2019activitat i tenint clar quins objectius ten\u00edem&#8230;<\/p>\n","protected":false},"author":1,"featured_media":0,"comment_status":"open","ping_status":"open","sticky":false,"template":"","format":"standard","meta":{"footnotes":""},"categories":[1],"tags":[],"_links":{"self":[{"href":"https:\/\/identitatsimiralls.desdelamina.net\/blog\/wp-json\/wp\/v2\/posts\/534"}],"collection":[{"href":"https:\/\/identitatsimiralls.desdelamina.net\/blog\/wp-json\/wp\/v2\/posts"}],"about":[{"href":"https:\/\/identitatsimiralls.desdelamina.net\/blog\/wp-json\/wp\/v2\/types\/post"}],"author":[{"embeddable":true,"href":"https:\/\/identitatsimiralls.desdelamina.net\/blog\/wp-json\/wp\/v2\/users\/1"}],"replies":[{"embeddable":true,"href":"https:\/\/identitatsimiralls.desdelamina.net\/blog\/wp-json\/wp\/v2\/comments?post=534"}],"version-history":[{"count":3,"href":"https:\/\/identitatsimiralls.desdelamina.net\/blog\/wp-json\/wp\/v2\/posts\/534\/revisions"}],"predecessor-version":[{"id":537,"href":"https:\/\/identitatsimiralls.desdelamina.net\/blog\/wp-json\/wp\/v2\/posts\/534\/revisions\/537"}],"wp:attachment":[{"href":"https:\/\/identitatsimiralls.desdelamina.net\/blog\/wp-json\/wp\/v2\/media?parent=534"}],"wp:term":[{"taxonomy":"category","embeddable":true,"href":"https:\/\/identitatsimiralls.desdelamina.net\/blog\/wp-json\/wp\/v2\/categories?post=534"},{"taxonomy":"post_tag","embeddable":true,"href":"https:\/\/identitatsimiralls.desdelamina.net\/blog\/wp-json\/wp\/v2\/tags?post=534"}],"curies":[{"name":"wp","href":"https:\/\/api.w.org\/{rel}","templated":true}]}}