{"id":530,"date":"2021-12-14T09:38:56","date_gmt":"2021-12-14T08:38:56","guid":{"rendered":"https:\/\/identitatsimiralls.desdelamina.net\/blog\/?p=530"},"modified":"2021-12-14T09:42:57","modified_gmt":"2021-12-14T08:42:57","slug":"tercera-sesion-de-servicio-centre-obert","status":"publish","type":"post","link":"https:\/\/identitatsimiralls.desdelamina.net\/blog\/2021\/12\/14\/tercera-sesion-de-servicio-centre-obert\/","title":{"rendered":"Tercera sesi\u00f3n de servicio: Centre Obert"},"content":{"rendered":"\n<p>Fue el tercer d\u00eda de nuestra sesi\u00f3n de servicio en La Mina. Esta vez trabajamos con el colectivo \u201cCentre Obert\u201d (grup de grans), un proyecto de Salesianos en La Mina que ofrece acompa\u00f1amiento y educaci\u00f3n integral a los ni\u00f1os y j\u00f3venes del barrio. Los miembros de nuestro colectivo eran ocho adolescentes de entre 13 y 15 a\u00f1os, acompa\u00f1ados por dos de sus formadores.<\/p>\n\n\n\n<p>Como todos sabemos, la adolescencia es una edad bastante complicada y no es f\u00e1cil dar con una din\u00e1mica que encaje con rapidez. No cost\u00f3 mucho ganarnos la confianza de nuestro colectivo; eran ni\u00f1os muy simp\u00e1ticos, respetuosos y con ganas de bromear y divertirse. Esto hac\u00eda que el ambiente fuera cada vez m\u00e1s agradable y distendido. Lo \u00fanico que no les gustaba era que les hici\u00e9ramos fotos, a pesar de haberles prometido que ser\u00eda \u00fanicamente para el proyecto.<\/p>\n\n\n\n<p>Nuestro tema del d\u00eda era una noticia de TV3: &#8220;Soc gitana amb titulaci\u00f3 universit\u00e0ria, per\u00f2 segueixo patint discriminacions&#8221;, de Planta Baixa, TV3. Al principio no fue f\u00e1cil analizar la noticia con ellos pero, con la ayuda de sus formadores, poco a poco conseguimos escuchar sus opiniones. Nos dimos cuenta de que son conscientes de la estigmatizaci\u00f3n que sufre la etnia gitana. Uno de ellos nos coment\u00f3 que no le gusta que hablen mal de los gitanos. Son j\u00f3venes llenos de ilusiones y con sue\u00f1os del futuro, con ganas de realizar estudios y de ser buenos profesionales. Hablando con ellos nos dimos cuenta de que la mayor\u00eda de sus padres no hab\u00edan terminado su formaci\u00f3n b\u00e1sica, pero a pesar de ello apoyan la educaci\u00f3n de sus hijos. Uno de los ni\u00f1os nos cont\u00f3 que su madre est\u00e1 realizando ahora sus estudios porque no pudo hacerlo de peque\u00f1a.<\/p>\n\n\n\n<p>No fue f\u00e1cil despedirnos de ellos. Recuerdo cuando les dije que ten\u00eda que irme a casa, me preguntaron si volver\u00edamos despu\u00e9s de las fiestas. Personalmente, eso me conmovi\u00f3, ver que, en el poco rato que hab\u00edamos compartido con ellos, ya hab\u00edamos creado este v\u00ednculo de confianza. Los llevo en mi coraz\u00f3n y espero volver a verlos muy pronto. Fueron unos ni\u00f1os muy acogedores y cari\u00f1osos. Una experiencia inolvidable.<\/p>\n\n\n\n<p>Para poder hacer amena la tarde y que se abrieran m\u00e1s a nosotras (en el fondo hay que entender que \u00e9ramos desconocidas) y que no sintieran que les imponemos atenci\u00f3n o que iba a ser una tarde aburrida hablando de temas de \u201cadultos\u201d, para conocer sus rutinas, sus historias de vida, que opinaban de la noticia compartida, les propusimos que cada uno escribiera una especie de historia explicando que pensaban y c\u00f3mo les hac\u00eda sentir la notica.<\/p>\n\n\n\n<p>El resultado ha sido un mini libro* con pensamientos y sentimientos de grandes ni\u00f1os\/as que se han dejado llevar por sus malas experiencias y a la vez han abierto su mente y expectativas respecto a su futuro.<\/p>\n\n\n\n<p>Alguno coment\u00f3 que si ten\u00eda pareja no le iba a dejar estudiar, que cuidar\u00eda de su casa y de los ni\u00f1os, algo asimilado por su propia historia familiar, otros quieren ser Guardia Civil, Militar, GEO, Ingeniero, Abogada. Nos han transmitido que a pesar de educarse en un barrio que ven marginado y estigmatizado, son la nueva generaci\u00f3n que lograr\u00e1n cumplir sus metas, acceder a la formaci\u00f3n que deseen y hacer entender que no importa la raza o la etnia, lo que s\u00ed importan son tus ra\u00edces, si estas te impiden crecer hay que cambiar la siembra, pero ante todo como ellos han insistido, \u201dSi quieres, puedes\u201d .<br><br>La dificultad en el acceso a la Universidad no est\u00e1 en la Sociedad en s\u00ed, est\u00e1 en el arraigo que tienen a su educaci\u00f3n \u201cracial\u201d, a sus tradiciones familiares que contrarrestan muchas veces con sus deseos personales. Son j\u00f3venes con ganas de cambiar las normas para bien, con ganas de avanzar.<\/p>\n\n\n\n<p>He disfrutado de su compa\u00f1\u00eda, me han dado una gran lecci\u00f3n para lo j\u00f3venes que son y espero poder coincidir m\u00e1s veces con ellos y compartir m\u00e1s inquietudes y\/o buenos momentos. Pero como bien han insistido y con eso nos quedamos, es que todos queremos *IGUALDAD.<\/p>\n\n\n\n<p>Jane Nduku Kaloki Nzisa<br>M\u00f3nica Garc\u00eda Echevarr\u00eda<\/p>\n","protected":false},"excerpt":{"rendered":"<p>Fue el tercer d\u00eda de nuestra sesi\u00f3n de servicio en La Mina. Esta vez trabajamos con el colectivo \u201cCentre Obert\u201d (grup de grans), un proyecto de Salesianos en La Mina que ofrece acompa\u00f1amiento y educaci\u00f3n&#8230;<\/p>\n","protected":false},"author":1,"featured_media":0,"comment_status":"open","ping_status":"open","sticky":false,"template":"","format":"standard","meta":{"footnotes":""},"categories":[1],"tags":[],"_links":{"self":[{"href":"https:\/\/identitatsimiralls.desdelamina.net\/blog\/wp-json\/wp\/v2\/posts\/530"}],"collection":[{"href":"https:\/\/identitatsimiralls.desdelamina.net\/blog\/wp-json\/wp\/v2\/posts"}],"about":[{"href":"https:\/\/identitatsimiralls.desdelamina.net\/blog\/wp-json\/wp\/v2\/types\/post"}],"author":[{"embeddable":true,"href":"https:\/\/identitatsimiralls.desdelamina.net\/blog\/wp-json\/wp\/v2\/users\/1"}],"replies":[{"embeddable":true,"href":"https:\/\/identitatsimiralls.desdelamina.net\/blog\/wp-json\/wp\/v2\/comments?post=530"}],"version-history":[{"count":3,"href":"https:\/\/identitatsimiralls.desdelamina.net\/blog\/wp-json\/wp\/v2\/posts\/530\/revisions"}],"predecessor-version":[{"id":533,"href":"https:\/\/identitatsimiralls.desdelamina.net\/blog\/wp-json\/wp\/v2\/posts\/530\/revisions\/533"}],"wp:attachment":[{"href":"https:\/\/identitatsimiralls.desdelamina.net\/blog\/wp-json\/wp\/v2\/media?parent=530"}],"wp:term":[{"taxonomy":"category","embeddable":true,"href":"https:\/\/identitatsimiralls.desdelamina.net\/blog\/wp-json\/wp\/v2\/categories?post=530"},{"taxonomy":"post_tag","embeddable":true,"href":"https:\/\/identitatsimiralls.desdelamina.net\/blog\/wp-json\/wp\/v2\/tags?post=530"}],"curies":[{"name":"wp","href":"https:\/\/api.w.org\/{rel}","templated":true}]}}